{"id":183,"date":"2010-12-01T13:30:59","date_gmt":"2010-12-01T13:30:59","guid":{"rendered":"http:\/\/www.ricardoiglesias.net\/wordpress\/?p=183"},"modified":"2025-01-30T15:50:48","modified_gmt":"2025-01-30T14:50:48","slug":"no-mas-violencia-contra-las-mujeres-2005","status":"publish","type":"post","link":"https:\/\/www.ricardoiglesias.net\/en\/2010\/12\/no-mas-violencia-contra-las-mujeres-2005\/","title":{"rendered":"No m\u00e1s violencia"},"content":{"rendered":"<p><img loading=\"lazy\" decoding=\"async\" class=\"alignleft size-full wp-image-184\" style=\"margin-right: 10px;\" title=\"No m\u00e1s violencia 01\" src=\"http:\/\/www.ricardoiglesias.net\/wp-content\/uploads\/2010\/12\/no_violencia_01.jpg\" alt=\"No m\u00e1s violencia 01\" width=\"570\" height=\"420\" srcset=\"https:\/\/www.ricardoiglesias.net\/wp-content\/uploads\/2010\/12\/no_violencia_01.jpg 570w, https:\/\/www.ricardoiglesias.net\/wp-content\/uploads\/2010\/12\/no_violencia_01-190x140.jpg 190w\" sizes=\"auto, (max-width: 570px) 100vw, 570px\" \/><img loading=\"lazy\" decoding=\"async\" class=\"alignleft size-full wp-image-544\" title=\"No m\u00e1s violencia contra las mujeres 02\" src=\"http:\/\/www.ricardoiglesias.net\/wp-content\/uploads\/2010\/12\/violencia_02.jpg\" alt=\"No m\u00e1s violencia contra las mujeres 02\" width=\"570\" height=\"420\" srcset=\"https:\/\/www.ricardoiglesias.net\/wp-content\/uploads\/2010\/12\/violencia_02.jpg 570w, https:\/\/www.ricardoiglesias.net\/wp-content\/uploads\/2010\/12\/violencia_02-190x140.jpg 190w\" sizes=\"auto, (max-width: 570px) 100vw, 570px\" \/><em><strong>No m\u00e1s violencia contra las mujeres<\/strong><\/em> (2005)<\/p>\n<p><em>Concept<\/em><br \/>\nIn the media nowadays, \u201cviolence\u201d is such a commonly used concept and images of violent events so ubiquitous that we are rarely surprised by what we see. Violence is an intrinsic part of our lives and there seems to be no way to counteract it\u2014it is a fact of nature and a law of life, and the weak must suffer at the hands of the powerful for \u201cevolution\u201d to take place.<\/p>\n<p>Violence against women is a social disease and we must resort to all possible means in order to eradicate Thanks to the research and statistics compiled by Amnesty International in <em>Espa\u00f1a: M\u00e1s all\u00e1 del papel<\/em> (2005) and <em>Est\u00e1 en nuestras manos. No m\u00e1s violencia contra mujeres<\/em> (2004), we have explored an often frightening reality.<\/p>\n<p><em>Project<\/em><br \/>\nThe installation consists of a video of stills depicting female body parts in macro format\/close. Various brief accounts of specific cases of domestic violence, data, numbers, and other information on the topic can be heard, emitted by various kinds of sound equipment with loudspeakers on the wall.<\/p>\n<p>This piece was made in collaboration with Amnesty International.<\/p>\n<ul>\n<li><em>Est\u00e9ticas Expandidas<\/em>. Centro Cultural Palatino. Pasto\/Colombia, 2019.<\/li>\n<li><em><a href=\"http:\/\/www.laneomudejar.com\/net-art-y-control-ricardo-iglesias\/\" target=\"_blank\" rel=\"noopener noreferrer\">Net.Art y Control<\/a><\/em>. (retrospective) La Neomudejar. Madrid, 2017.<\/li>\n<li><em>Ayerma\u00f1ana<\/em>. Universidad de Castilla-La Mancha. Cuenca, 2006.<\/li>\n<li>VAD Festival Internacional de v\u00eddeo i arts digitals. Girona, 2006.<\/li>\n<li>BAC. 6\u00ba Festival internacional de arte contempor\u00e1neo. Barcelona, 2005.<\/li>\n<\/ul>\n<div id=\"link64_adl_tabid\" style=\"display: none;\" data-url=\"http:\/\/www.ricardoiglesias.net\/wp-admin\/post.php?post=183&#038;action=edit\">1199<\/div>\n","protected":false},"excerpt":{"rendered":"<p>No m\u00e1s violencia contra las mujeres (2005) Concept In the media nowadays, \u201cviolence\u201d is such a commonly used concept and images of violent events so ubiquitous that we are rarely\u2026 <span class=\"read-btn\"><a class=\"read-more\" href=\"https:\/\/www.ricardoiglesias.net\/en\/2010\/12\/no-mas-violencia-contra-las-mujeres-2005\/\">Read More &rarr;<\/a><\/span><\/p>\n","protected":false},"author":1,"featured_media":0,"comment_status":"closed","ping_status":"closed","sticky":false,"template":"","format":"standard","meta":{"footnotes":""},"categories":[3,11,28],"tags":[],"class_list":["post-183","post","type-post","status-publish","format-standard","hentry","category-photo","category-video","category-installation"],"_links":{"self":[{"href":"https:\/\/www.ricardoiglesias.net\/en\/wp-json\/wp\/v2\/posts\/183","targetHints":{"allow":["GET"]}}],"collection":[{"href":"https:\/\/www.ricardoiglesias.net\/en\/wp-json\/wp\/v2\/posts"}],"about":[{"href":"https:\/\/www.ricardoiglesias.net\/en\/wp-json\/wp\/v2\/types\/post"}],"author":[{"embeddable":true,"href":"https:\/\/www.ricardoiglesias.net\/en\/wp-json\/wp\/v2\/users\/1"}],"replies":[{"embeddable":true,"href":"https:\/\/www.ricardoiglesias.net\/en\/wp-json\/wp\/v2\/comments?post=183"}],"version-history":[{"count":50,"href":"https:\/\/www.ricardoiglesias.net\/en\/wp-json\/wp\/v2\/posts\/183\/revisions"}],"predecessor-version":[{"id":1029,"href":"https:\/\/www.ricardoiglesias.net\/en\/wp-json\/wp\/v2\/posts\/183\/revisions\/1029"}],"wp:attachment":[{"href":"https:\/\/www.ricardoiglesias.net\/en\/wp-json\/wp\/v2\/media?parent=183"}],"wp:term":[{"taxonomy":"category","embeddable":true,"href":"https:\/\/www.ricardoiglesias.net\/en\/wp-json\/wp\/v2\/categories?post=183"},{"taxonomy":"post_tag","embeddable":true,"href":"https:\/\/www.ricardoiglesias.net\/en\/wp-json\/wp\/v2\/tags?post=183"}],"curies":[{"name":"wp","href":"https:\/\/api.w.org\/{rel}","templated":true}]}}