{"id":8,"date":"2007-11-23T18:18:38","date_gmt":"2007-11-23T16:18:38","guid":{"rendered":"http:\/\/mediainterventions.net\/riglesias\/?p=8"},"modified":"2020-10-12T12:36:31","modified_gmt":"2020-10-12T11:36:31","slug":"elmundoes-2001","status":"publish","type":"post","link":"https:\/\/www.ricardoiglesias.net\/en\/2007\/11\/elmundoes-2001\/","title":{"rendered":"elmundo.es"},"content":{"rendered":"<p><a href=\"http:\/\/www.ricardoiglesias.net\/2007\/11\/elmundoes-2001\/elmundo_01\/\" rel=\"attachment wp-att-102\"><img loading=\"lazy\" decoding=\"async\" class=\"alignleft size-full wp-image-618\" style=\"margin-top: 0px; margin-bottom: 0px;\" title=\"elmundo.es\" src=\"http:\/\/www.ricardoiglesias.net\/wp-content\/uploads\/2007\/11\/elmundo01.jpg\" alt=\"elmundo.es\" width=\"570\" height=\"420\" srcset=\"https:\/\/www.ricardoiglesias.net\/wp-content\/uploads\/2007\/11\/elmundo01.jpg 570w, https:\/\/www.ricardoiglesias.net\/wp-content\/uploads\/2007\/11\/elmundo01-190x140.jpg 190w\" sizes=\"auto, (max-width: 570px) 100vw, 570px\" \/><\/a><br \/>\n<a href=\"http:\/\/www.ricardoiglesias.net\/2007\/11\/elmundoes-2001\/elmundo_01\/\" rel=\"attachment wp-att-102\"><img loading=\"lazy\" decoding=\"async\" class=\"alignleft size-full wp-image-619\" style=\"margin-top: 0px; margin-bottom: 0px;\" title=\"elmundo02\" src=\"http:\/\/www.ricardoiglesias.net\/wp-content\/uploads\/2007\/11\/elmundo02.jpg\" alt=\"\" width=\"570\" height=\"420\" srcset=\"https:\/\/www.ricardoiglesias.net\/wp-content\/uploads\/2007\/11\/elmundo02.jpg 570w, https:\/\/www.ricardoiglesias.net\/wp-content\/uploads\/2007\/11\/elmundo02-190x140.jpg 190w\" sizes=\"auto, (max-width: 570px) 100vw, 570px\" \/><\/a><em><strong>elmundo.es<\/strong><\/em> (2001)<\/p>\n<p><em>Concept<\/em><br \/>\nSi una noticia se define, entre otros conceptos, por su pertenencia al presente inmediato, \u00bfqu\u00e9 se puede considerar noticia dentro de la era de la postinformaci\u00f3n en el \u00e1mbito de Internet? \u00bfqu\u00e9 ocurre cuando una noticia deja de ser &#8220;noticia&#8221;? \u00bfpasa autom\u00e1ticamente a la esfera de la informaci\u00f3n y, por tanto, adquiere un estatus de durabilidad, que en otro caso le seria negado?<\/p>\n<p>If in the Internet time and space are \u201cliquid\u201d, that is, perpetually non-permanent, what happens then with the validity of that which is \u201cright now\u201d a piece of news, but not any more after just one second? What happens with national disasters, with social convulsions, with local and tribal wars, with ecological tragedies\u2026 all of which, at a given moment, completely hold public attention and help collect thousands of dollars out of our solidarity which will then be used for \u201cgood causes\u201d, but all of which are also immediately buried by fresh information? Is it not true that a piece of news should be something more than a mere item for immediate consumption, that it should set off deeper thoughts which might help find solutions for economical, social, ecological problems in the long run?<\/p>\n<p>Project<br \/>\nThis page is not really interactive. The moment an user connects to this web site, the page starts to disintegrate, but users can oly watch this\u2014they cannot intervene in this process.<\/p>\n<ul>\n<li><em><a href=\"http:\/\/www.laneomudejar.com\/net-art-y-control-ricardo-iglesias\/\" target=\"_blank\" rel=\"noopener noreferrer\">Net.Art y Control<\/a><\/em>. (retrospective) La Neomudejar. Madrid, 2017.<\/li>\n<li><em>(RE)APROPIACIONES<\/em>. MEIAC. Museo Extreme\u00f1o e Iberoamericano de Arte Contempor\u00e1neo. 2009-2010<\/li>\n<li><em>BCN, t`ho Porto, BCN to Porto<\/em>. Maush\u00e1bitos. Oporto, 2004.<\/li>\n<li>VAD. Festival Internacional de V\u00eddeo i Arts Digitals. Girona, 2003.<\/li>\n<li><em>MAD03 NET<\/em>. MAD03. 2\u00ba Encuentro de Arte Experimental. Madrid, 2003.<\/li>\n<li>1er Concurso Internacional de net-art ARCO-El Mundo. ARCO 2001. Madrid, 2001.<\/li>\n<li><em>Net.artmadrid.net.<\/em> ARCO2001. Madrid, 2001.<\/li>\n<\/ul>\n<div id=\"link64_adl_tabid\" style=\"display: none;\" data-url=\"http:\/\/www.ricardoiglesias.net\/wp-admin\/post.php?post=8&#038;action=edit\">1833<\/div>\n","protected":false},"excerpt":{"rendered":"<p>elmundo.es (2001) Concept Si una noticia se define, entre otros conceptos, por su pertenencia al presente inmediato, \u00bfqu\u00e9 se puede considerar noticia dentro de la era de la postinformaci\u00f3n en\u2026 <span class=\"read-btn\"><a class=\"read-more\" href=\"https:\/\/www.ricardoiglesias.net\/en\/2007\/11\/elmundoes-2001\/\">Read More &rarr;<\/a><\/span><\/p>\n","protected":false},"author":1,"featured_media":151,"comment_status":"closed","ping_status":"closed","sticky":false,"template":"","format":"standard","meta":{"footnotes":""},"categories":[8],"tags":[6],"class_list":["post-8","post","type-post","status-publish","format-standard","has-post-thumbnail","hentry","category-net-art","tag-netart"],"_links":{"self":[{"href":"https:\/\/www.ricardoiglesias.net\/en\/wp-json\/wp\/v2\/posts\/8","targetHints":{"allow":["GET"]}}],"collection":[{"href":"https:\/\/www.ricardoiglesias.net\/en\/wp-json\/wp\/v2\/posts"}],"about":[{"href":"https:\/\/www.ricardoiglesias.net\/en\/wp-json\/wp\/v2\/types\/post"}],"author":[{"embeddable":true,"href":"https:\/\/www.ricardoiglesias.net\/en\/wp-json\/wp\/v2\/users\/1"}],"replies":[{"embeddable":true,"href":"https:\/\/www.ricardoiglesias.net\/en\/wp-json\/wp\/v2\/comments?post=8"}],"version-history":[{"count":39,"href":"https:\/\/www.ricardoiglesias.net\/en\/wp-json\/wp\/v2\/posts\/8\/revisions"}],"predecessor-version":[{"id":1820,"href":"https:\/\/www.ricardoiglesias.net\/en\/wp-json\/wp\/v2\/posts\/8\/revisions\/1820"}],"wp:featuredmedia":[{"embeddable":true,"href":"https:\/\/www.ricardoiglesias.net\/en\/wp-json\/wp\/v2\/media\/151"}],"wp:attachment":[{"href":"https:\/\/www.ricardoiglesias.net\/en\/wp-json\/wp\/v2\/media?parent=8"}],"wp:term":[{"taxonomy":"category","embeddable":true,"href":"https:\/\/www.ricardoiglesias.net\/en\/wp-json\/wp\/v2\/categories?post=8"},{"taxonomy":"post_tag","embeddable":true,"href":"https:\/\/www.ricardoiglesias.net\/en\/wp-json\/wp\/v2\/tags?post=8"}],"curies":[{"name":"wp","href":"https:\/\/api.w.org\/{rel}","templated":true}]}}